{"id":3692,"date":"2023-11-06T09:43:07","date_gmt":"2023-11-06T08:43:07","guid":{"rendered":"https:\/\/www.camping-lesbergesdudoux.com\/?p=3692"},"modified":"2024-04-28T14:44:30","modified_gmt":"2024-04-28T12:44:30","slug":"emerveilles-par-lardeche","status":"publish","type":"post","link":"https:\/\/www.camping-lesbergesdudoux.com\/?p=3692","title":{"rendered":"EMERVEILLES PAR L&rsquo;ARDECHE"},"content":{"rendered":"<div class=\"wpb-content-wrapper\">[vc_row][vc_column][vc_column_text]Nous avons eu la chance d&rsquo;\u00eatre film\u00e9s et interview\u00e9s par l&rsquo;\u00e9quipe de \u00ab\u00a0EMERVEILLES PAR L&rsquo;ARDECHE\u00a0\u00bb.<\/p>\n<p>Cette \u00e9quipe r\u00e9alise des portraits de personnes ayant choisi de s&rsquo;installer et travailler en Ard\u00e8che .<\/p>\n<p>Cette r\u00e9gion d&rsquo;Ard\u00e8che situ\u00e9e en Nord Ard\u00e8che, dite Ard\u00e8che Verte,\u00a0 est encore relativement peu connue du grand public. Elle est pourtant MAGNIFIQUE et m\u00e9rite d&rsquo;\u00eatre visit\u00e9e et explor\u00e9e !!<\/p>\n<p>Le lien ci-dessous vous donne acc\u00e8s \u00e0 cette petite vid\u00e9o de pr\u00e9sentation . Encore Merci \u00e0 l&rsquo;\u00e9quipe de tournage.<\/p>\n<p><a href=\"https:\/\/www.ardeche-tv.fr\/Ils-vont-vous-emerveiller\/Ils-ont-choisi-l-Ardeche-Duclaux.html\">https:\/\/www.ardeche-tv.fr\/Ils-vont-vous-emerveiller\/Ils-ont-choisi-l-Ardeche-Duclaux.html<\/a><\/p>\n[\/vc_column_text][\/vc_column][\/vc_row]\n<\/div>","protected":false},"excerpt":{"rendered":"<p>[vc_row][vc_column][vc_column_text]Nous avons eu la chance d&rsquo;\u00eatre film\u00e9s et interview\u00e9s par l&rsquo;\u00e9quipe de \u00ab\u00a0EMERVEILLES PAR L&rsquo;ARDECHE\u00a0\u00bb. Cette \u00e9quipe r\u00e9alise des portraits de personnes ayant choisi de s&rsquo;installer et travailler en Ard\u00e8che . Cette r\u00e9gion d&rsquo;Ard\u00e8che situ\u00e9e en Nord Ard\u00e8che, dite Ard\u00e8che Verte,\u00a0 est encore relativement peu connue du grand public. Elle est pourtant MAGNIFIQUE et m\u00e9rite [&hellip;]<\/p>\n","protected":false},"author":1,"featured_media":3853,"comment_status":"closed","ping_status":"closed","sticky":false,"template":"","format":"standard","meta":{"spay_email":"","footnotes":""},"categories":[8],"tags":[],"class_list":["post-3692","post","type-post","status-publish","format-standard","has-post-thumbnail","hentry","category-blog"],"yoast_head":"<!-- This site is optimized with the Yoast SEO plugin v27.1.1 - https:\/\/yoast.com\/product\/yoast-seo-wordpress\/ -->\n<title>EMERVEILLES PAR L&#039;ARDECHE<\/title>\n<meta name=\"description\" content=\"Nous avons eu la chance d&#039;\u00eatre film\u00e9s et interview\u00e9s par l&#039;\u00e9quipe de &quot;EMERVEILLES PAR L&#039;ARDECHE&quot;. Cette \u00e9quipe r\u00e9alise des portraits de personnes ayant vid\u00e9o de l&#039;\u00e9quipe du camping les berges du doux\" \/>\n<meta name=\"robots\" content=\"index, follow, max-snippet:-1, max-image-preview:large, max-video-preview:-1\" \/>\n<link rel=\"canonical\" href=\"https:\/\/www.camping-lesbergesdudoux.com\/?p=3692\" \/>\n<meta property=\"og:locale\" content=\"fr_FR\" \/>\n<meta property=\"og:type\" content=\"article\" \/>\n<meta property=\"og:title\" content=\"EMERVEILLES PAR L&#039;ARDECHE\" \/>\n<meta property=\"og:description\" content=\"Nous avons eu la chance d&#039;\u00eatre film\u00e9s et interview\u00e9s par l&#039;\u00e9quipe de &quot;EMERVEILLES PAR L&#039;ARDECHE&quot;. Cette \u00e9quipe r\u00e9alise des portraits de personnes ayant vid\u00e9o de l&#039;\u00e9quipe du camping les berges du doux\" \/>\n<meta property=\"og:url\" content=\"https:\/\/www.camping-lesbergesdudoux.com\/?p=3692\" \/>\n<meta property=\"og:site_name\" content=\"Camping Les Berges Du Doux 3* avec piscine dans la vall\u00e9e du doux\" \/>\n<meta property=\"article:publisher\" content=\"https:\/\/www.facebook.com\/camping.lesbergesdudoux\/\" \/>\n<meta property=\"article:published_time\" content=\"2023-11-06T08:43:07+00:00\" \/>\n<meta property=\"article:modified_time\" content=\"2024-04-28T12:44:30+00:00\" \/>\n<meta property=\"og:image\" content=\"https:\/\/www.camping-lesbergesdudoux.com\/wp-content\/uploads\/2024\/03\/Capture-decran-2024-03-14-a-21.12.17.png\" \/>\n\t<meta property=\"og:image:width\" content=\"1144\" \/>\n\t<meta property=\"og:image:height\" content=\"530\" \/>\n\t<meta property=\"og:image:type\" content=\"image\/png\" \/>\n<meta name=\"author\" content=\"Sandra GILLET\" \/>\n<meta name=\"twitter:card\" content=\"summary_large_image\" \/>\n<meta name=\"twitter:label1\" content=\"Written by\" \/>\n\t<meta name=\"twitter:data1\" content=\"Sandra GILLET\" \/>\n\t<meta name=\"twitter:label2\" content=\"Est. reading time\" \/>\n\t<meta name=\"twitter:data2\" content=\"1 minute\" \/>\n<script type=\"application\/ld+json\" class=\"yoast-schema-graph\">{\"@context\":\"https:\/\/schema.org\",\"@graph\":[{\"@type\":\"Article\",\"@id\":\"https:\/\/www.camping-lesbergesdudoux.com\/?p=3692#article\",\"isPartOf\":{\"@id\":\"https:\/\/www.camping-lesbergesdudoux.com\/?p=3692\"},\"author\":{\"name\":\"Sandra GILLET\",\"@id\":\"https:\/\/www.camping-lesbergesdudoux.com\/#\/schema\/person\/bebe47b917f304c8718f4b6eb15e82ae\"},\"headline\":\"EMERVEILLES PAR L&rsquo;ARDECHE\",\"datePublished\":\"2023-11-06T08:43:07+00:00\",\"dateModified\":\"2024-04-28T12:44:30+00:00\",\"mainEntityOfPage\":{\"@id\":\"https:\/\/www.camping-lesbergesdudoux.com\/?p=3692\"},\"wordCount\":121,\"image\":{\"@id\":\"https:\/\/www.camping-lesbergesdudoux.com\/?p=3692#primaryimage\"},\"thumbnailUrl\":\"https:\/\/www.camping-lesbergesdudoux.com\/wp-content\/uploads\/2024\/03\/Capture-decran-2024-03-14-a-21.12.17.png\",\"articleSection\":[\"Blog\"],\"inLanguage\":\"fr-FR\"},{\"@type\":\"WebPage\",\"@id\":\"https:\/\/www.camping-lesbergesdudoux.com\/?p=3692\",\"url\":\"https:\/\/www.camping-lesbergesdudoux.com\/?p=3692\",\"name\":\"EMERVEILLES PAR L'ARDECHE\",\"isPartOf\":{\"@id\":\"https:\/\/www.camping-lesbergesdudoux.com\/#website\"},\"primaryImageOfPage\":{\"@id\":\"https:\/\/www.camping-lesbergesdudoux.com\/?p=3692#primaryimage\"},\"image\":{\"@id\":\"https:\/\/www.camping-lesbergesdudoux.com\/?p=3692#primaryimage\"},\"thumbnailUrl\":\"https:\/\/www.camping-lesbergesdudoux.com\/wp-content\/uploads\/2024\/03\/Capture-decran-2024-03-14-a-21.12.17.png\",\"datePublished\":\"2023-11-06T08:43:07+00:00\",\"dateModified\":\"2024-04-28T12:44:30+00:00\",\"author\":{\"@id\":\"https:\/\/www.camping-lesbergesdudoux.com\/#\/schema\/person\/bebe47b917f304c8718f4b6eb15e82ae\"},\"description\":\"Nous avons eu la chance d'\u00eatre film\u00e9s et interview\u00e9s par l'\u00e9quipe de \\\"EMERVEILLES PAR L'ARDECHE\\\". Cette \u00e9quipe r\u00e9alise des portraits de personnes ayant vid\u00e9o de l'\u00e9quipe du camping les berges du doux\",\"breadcrumb\":{\"@id\":\"https:\/\/www.camping-lesbergesdudoux.com\/?p=3692#breadcrumb\"},\"inLanguage\":\"fr-FR\",\"potentialAction\":[{\"@type\":\"ReadAction\",\"target\":[\"https:\/\/www.camping-lesbergesdudoux.com\/?p=3692\"]}]},{\"@type\":\"ImageObject\",\"inLanguage\":\"fr-FR\",\"@id\":\"https:\/\/www.camping-lesbergesdudoux.com\/?p=3692#primaryimage\",\"url\":\"https:\/\/www.camping-lesbergesdudoux.com\/wp-content\/uploads\/2024\/03\/Capture-decran-2024-03-14-a-21.12.17.png\",\"contentUrl\":\"https:\/\/www.camping-lesbergesdudoux.com\/wp-content\/uploads\/2024\/03\/Capture-decran-2024-03-14-a-21.12.17.png\",\"width\":1144,\"height\":530},{\"@type\":\"BreadcrumbList\",\"@id\":\"https:\/\/www.camping-lesbergesdudoux.com\/?p=3692#breadcrumb\",\"itemListElement\":[{\"@type\":\"ListItem\",\"position\":1,\"name\":\"Accueil\",\"item\":\"https:\/\/www.camping-lesbergesdudoux.com\/\"},{\"@type\":\"ListItem\",\"position\":2,\"name\":\"EMERVEILLES PAR L&rsquo;ARDECHE\"}]},{\"@type\":\"WebSite\",\"@id\":\"https:\/\/www.camping-lesbergesdudoux.com\/#website\",\"url\":\"https:\/\/www.camping-lesbergesdudoux.com\/\",\"name\":\"Camping Les Berges Du Doux 3* avec piscine dans la vall\u00e9e du doux\",\"description\":\"Camping 3* avec piscine chauff\u00e9e en Ard\u00e8che verte, nord Ard\u00e8che, le long de la rivi\u00e8re le Doux\",\"potentialAction\":[{\"@type\":\"SearchAction\",\"target\":{\"@type\":\"EntryPoint\",\"urlTemplate\":\"https:\/\/www.camping-lesbergesdudoux.com\/?s={search_term_string}\"},\"query-input\":{\"@type\":\"PropertyValueSpecification\",\"valueRequired\":true,\"valueName\":\"search_term_string\"}}],\"inLanguage\":\"fr-FR\"},{\"@type\":\"Person\",\"@id\":\"https:\/\/www.camping-lesbergesdudoux.com\/#\/schema\/person\/bebe47b917f304c8718f4b6eb15e82ae\",\"name\":\"Sandra GILLET\",\"image\":{\"@type\":\"ImageObject\",\"inLanguage\":\"fr-FR\",\"@id\":\"https:\/\/www.camping-lesbergesdudoux.com\/#\/schema\/person\/image\/\",\"url\":\"https:\/\/www.camping-lesbergesdudoux.com\/wp-content\/wphb-cache\/gravatar\/7cf\/7cff1f9e2d330e504e06900d24295c5cx96.jpg\",\"contentUrl\":\"https:\/\/www.camping-lesbergesdudoux.com\/wp-content\/wphb-cache\/gravatar\/7cf\/7cff1f9e2d330e504e06900d24295c5cx96.jpg\",\"caption\":\"Sandra GILLET\"}}]}<\/script>\n<!-- \/ Yoast SEO plugin. -->","yoast_head_json":{"title":"EMERVEILLES PAR L'ARDECHE","description":"Nous avons eu la chance d'\u00eatre film\u00e9s et interview\u00e9s par l'\u00e9quipe de \"EMERVEILLES PAR L'ARDECHE\". Cette \u00e9quipe r\u00e9alise des portraits de personnes ayant vid\u00e9o de l'\u00e9quipe du camping les berges du doux","robots":{"index":"index","follow":"follow","max-snippet":"max-snippet:-1","max-image-preview":"max-image-preview:large","max-video-preview":"max-video-preview:-1"},"canonical":"https:\/\/www.camping-lesbergesdudoux.com\/?p=3692","og_locale":"fr_FR","og_type":"article","og_title":"EMERVEILLES PAR L'ARDECHE","og_description":"Nous avons eu la chance d'\u00eatre film\u00e9s et interview\u00e9s par l'\u00e9quipe de \"EMERVEILLES PAR L'ARDECHE\". Cette \u00e9quipe r\u00e9alise des portraits de personnes ayant vid\u00e9o de l'\u00e9quipe du camping les berges du doux","og_url":"https:\/\/www.camping-lesbergesdudoux.com\/?p=3692","og_site_name":"Camping Les Berges Du Doux 3* avec piscine dans la vall\u00e9e du doux","article_publisher":"https:\/\/www.facebook.com\/camping.lesbergesdudoux\/","article_published_time":"2023-11-06T08:43:07+00:00","article_modified_time":"2024-04-28T12:44:30+00:00","og_image":[{"width":1144,"height":530,"url":"https:\/\/www.camping-lesbergesdudoux.com\/wp-content\/uploads\/2024\/03\/Capture-decran-2024-03-14-a-21.12.17.png","type":"image\/png"}],"author":"Sandra GILLET","twitter_card":"summary_large_image","twitter_misc":{"Written by":"Sandra GILLET","Est. reading time":"1 minute"},"schema":{"@context":"https:\/\/schema.org","@graph":[{"@type":"Article","@id":"https:\/\/www.camping-lesbergesdudoux.com\/?p=3692#article","isPartOf":{"@id":"https:\/\/www.camping-lesbergesdudoux.com\/?p=3692"},"author":{"name":"Sandra GILLET","@id":"https:\/\/www.camping-lesbergesdudoux.com\/#\/schema\/person\/bebe47b917f304c8718f4b6eb15e82ae"},"headline":"EMERVEILLES PAR L&rsquo;ARDECHE","datePublished":"2023-11-06T08:43:07+00:00","dateModified":"2024-04-28T12:44:30+00:00","mainEntityOfPage":{"@id":"https:\/\/www.camping-lesbergesdudoux.com\/?p=3692"},"wordCount":121,"image":{"@id":"https:\/\/www.camping-lesbergesdudoux.com\/?p=3692#primaryimage"},"thumbnailUrl":"https:\/\/www.camping-lesbergesdudoux.com\/wp-content\/uploads\/2024\/03\/Capture-decran-2024-03-14-a-21.12.17.png","articleSection":["Blog"],"inLanguage":"fr-FR"},{"@type":"WebPage","@id":"https:\/\/www.camping-lesbergesdudoux.com\/?p=3692","url":"https:\/\/www.camping-lesbergesdudoux.com\/?p=3692","name":"EMERVEILLES PAR L'ARDECHE","isPartOf":{"@id":"https:\/\/www.camping-lesbergesdudoux.com\/#website"},"primaryImageOfPage":{"@id":"https:\/\/www.camping-lesbergesdudoux.com\/?p=3692#primaryimage"},"image":{"@id":"https:\/\/www.camping-lesbergesdudoux.com\/?p=3692#primaryimage"},"thumbnailUrl":"https:\/\/www.camping-lesbergesdudoux.com\/wp-content\/uploads\/2024\/03\/Capture-decran-2024-03-14-a-21.12.17.png","datePublished":"2023-11-06T08:43:07+00:00","dateModified":"2024-04-28T12:44:30+00:00","author":{"@id":"https:\/\/www.camping-lesbergesdudoux.com\/#\/schema\/person\/bebe47b917f304c8718f4b6eb15e82ae"},"description":"Nous avons eu la chance d'\u00eatre film\u00e9s et interview\u00e9s par l'\u00e9quipe de \"EMERVEILLES PAR L'ARDECHE\". Cette \u00e9quipe r\u00e9alise des portraits de personnes ayant vid\u00e9o de l'\u00e9quipe du camping les berges du doux","breadcrumb":{"@id":"https:\/\/www.camping-lesbergesdudoux.com\/?p=3692#breadcrumb"},"inLanguage":"fr-FR","potentialAction":[{"@type":"ReadAction","target":["https:\/\/www.camping-lesbergesdudoux.com\/?p=3692"]}]},{"@type":"ImageObject","inLanguage":"fr-FR","@id":"https:\/\/www.camping-lesbergesdudoux.com\/?p=3692#primaryimage","url":"https:\/\/www.camping-lesbergesdudoux.com\/wp-content\/uploads\/2024\/03\/Capture-decran-2024-03-14-a-21.12.17.png","contentUrl":"https:\/\/www.camping-lesbergesdudoux.com\/wp-content\/uploads\/2024\/03\/Capture-decran-2024-03-14-a-21.12.17.png","width":1144,"height":530},{"@type":"BreadcrumbList","@id":"https:\/\/www.camping-lesbergesdudoux.com\/?p=3692#breadcrumb","itemListElement":[{"@type":"ListItem","position":1,"name":"Accueil","item":"https:\/\/www.camping-lesbergesdudoux.com\/"},{"@type":"ListItem","position":2,"name":"EMERVEILLES PAR L&rsquo;ARDECHE"}]},{"@type":"WebSite","@id":"https:\/\/www.camping-lesbergesdudoux.com\/#website","url":"https:\/\/www.camping-lesbergesdudoux.com\/","name":"Camping Les Berges Du Doux 3* avec piscine dans la vall\u00e9e du doux","description":"Camping 3* avec piscine chauff\u00e9e en Ard\u00e8che verte, nord Ard\u00e8che, le long de la rivi\u00e8re le Doux","potentialAction":[{"@type":"SearchAction","target":{"@type":"EntryPoint","urlTemplate":"https:\/\/www.camping-lesbergesdudoux.com\/?s={search_term_string}"},"query-input":{"@type":"PropertyValueSpecification","valueRequired":true,"valueName":"search_term_string"}}],"inLanguage":"fr-FR"},{"@type":"Person","@id":"https:\/\/www.camping-lesbergesdudoux.com\/#\/schema\/person\/bebe47b917f304c8718f4b6eb15e82ae","name":"Sandra GILLET","image":{"@type":"ImageObject","inLanguage":"fr-FR","@id":"https:\/\/www.camping-lesbergesdudoux.com\/#\/schema\/person\/image\/","url":"https:\/\/www.camping-lesbergesdudoux.com\/wp-content\/wphb-cache\/gravatar\/7cf\/7cff1f9e2d330e504e06900d24295c5cx96.jpg","contentUrl":"https:\/\/www.camping-lesbergesdudoux.com\/wp-content\/wphb-cache\/gravatar\/7cf\/7cff1f9e2d330e504e06900d24295c5cx96.jpg","caption":"Sandra GILLET"}}]}},"jetpack_featured_media_url":"https:\/\/www.camping-lesbergesdudoux.com\/wp-content\/uploads\/2024\/03\/Capture-decran-2024-03-14-a-21.12.17.png","_links":{"self":[{"href":"https:\/\/www.camping-lesbergesdudoux.com\/index.php?rest_route=\/wp\/v2\/posts\/3692","targetHints":{"allow":["GET"]}}],"collection":[{"href":"https:\/\/www.camping-lesbergesdudoux.com\/index.php?rest_route=\/wp\/v2\/posts"}],"about":[{"href":"https:\/\/www.camping-lesbergesdudoux.com\/index.php?rest_route=\/wp\/v2\/types\/post"}],"author":[{"embeddable":true,"href":"https:\/\/www.camping-lesbergesdudoux.com\/index.php?rest_route=\/wp\/v2\/users\/1"}],"replies":[{"embeddable":true,"href":"https:\/\/www.camping-lesbergesdudoux.com\/index.php?rest_route=%2Fwp%2Fv2%2Fcomments&post=3692"}],"version-history":[{"count":0,"href":"https:\/\/www.camping-lesbergesdudoux.com\/index.php?rest_route=\/wp\/v2\/posts\/3692\/revisions"}],"wp:featuredmedia":[{"embeddable":true,"href":"https:\/\/www.camping-lesbergesdudoux.com\/index.php?rest_route=\/wp\/v2\/media\/3853"}],"wp:attachment":[{"href":"https:\/\/www.camping-lesbergesdudoux.com\/index.php?rest_route=%2Fwp%2Fv2%2Fmedia&parent=3692"}],"wp:term":[{"taxonomy":"category","embeddable":true,"href":"https:\/\/www.camping-lesbergesdudoux.com\/index.php?rest_route=%2Fwp%2Fv2%2Fcategories&post=3692"},{"taxonomy":"post_tag","embeddable":true,"href":"https:\/\/www.camping-lesbergesdudoux.com\/index.php?rest_route=%2Fwp%2Fv2%2Ftags&post=3692"}],"curies":[{"name":"wp","href":"https:\/\/api.w.org\/{rel}","templated":true}]}}