{"id":3439,"date":"2023-01-17T17:09:39","date_gmt":"2023-01-17T16:09:39","guid":{"rendered":"https:\/\/www.camping-lesbergesdudoux.com\/?p=3439"},"modified":"2023-02-10T12:14:27","modified_gmt":"2023-02-10T11:14:27","slug":"vers-une-demarche-de-tourisme-durable","status":"publish","type":"post","link":"https:\/\/www.camping-lesbergesdudoux.com\/?p=3439","title":{"rendered":"Vers une d\u00e9marche Eco-Responsable"},"content":{"rendered":"<p>Notre camping les Berges du doux situ\u00e9 en Ard\u00e8che du nord s\u2019est engag\u00e9 dans une d\u00e9marche \u00e9coresponsable avec diff\u00e9rents investissements dont certains sont soutenus par l\u2019ADEME dans le cadre de l\u2019action du plan de Relance et de l&rsquo;action \u00ab Tourisme Durable \u00bb.<\/p>\n<p>Parmi ces investissements\u00a0 nous citerons :<\/p>\n<ul>\n<li>Nouvelle machine \u00e0 laver classement A+ avec syst\u00e8me de d\u00e9sinfection \u00e0 l\u2019ozone permettant de laver \u00e0 plus basse temp\u00e9rature<\/li>\n<li>Installation de luminaires solaires dans les all\u00e9es<\/li>\n<li>Nouveaux WC \u00e0 chasses d&rsquo;eau double flux dans les anciens\u00a0 logements<\/li>\n<li>Des robinets thermostatiques pour le chauffage du gite, et des parties communes.<\/li>\n<li>Des mitigeurs de douche dans les locatifs<\/li>\n<li>De nouveaux mitigeurs a d\u00e9tection dans le bloc sanitaire<\/li>\n<li>Achat de contenants lavables pour les restes alimentaires et la restauration \u00e0 emporter<\/li>\n<li>\u00c9volution des menus (+ de faits maisons avec des produits locaux)<\/li>\n<li>Mise en place de composteurs<\/li>\n<li>Mise en place d\u2019une collaboration avec notre fournisseur de produits de literie jetables, utilis\u00e9s pour chaque client en location dans les logements\u00a0avec les \u00e9tapes suivantes:\n<ul>\n<li>Ramassage et stockage du linge usag\u00e9<\/li>\n<li>Collecte r\u00e9guli\u00e8re par un \u00e9tablissement sp\u00e9cialis\u00e9 (ESAT)<\/li>\n<li>Recyclage du linge par des Soci\u00e9t\u00e9s ext\u00e9rieures pour fabriquer des pi\u00e8ces plastiques<\/li>\n<\/ul>\n<\/li>\n<li>Remplacement progressif des kits draps jetables par des draps lavables\u2026<\/li>\n<\/ul>\n<p>Concernant le tri , nous ne disposons pas h\u00e9las pour l&rsquo;instant, de solutions pour le tri des d\u00e9chets plastiques et cartons ; Des containers sont\u00a0 \u00e0 votre disposition pour uniquement \u00a0les sacs poubelles des d\u00e9chets m\u00e9nagers ; n\u2019h\u00e9sitez pas \u00e0 nous demander des sacs poubelles que nous distribuons gratuitement. Nous achetons ces sacs poubelles \u00e0 une association qui \u0153uvre pour am\u00e9liorer le quotidien des enfants malades ou handicap\u00e9s\u00a0 <a href=\"http:\/\/www.souriredenfant.fr\">www.souriredenfant.fr <\/a><\/p>\n<p>Si vous souhaitez trier vos d\u00e9chets plastiques et cartons\u00a0, des \u00a0containers semi enterr\u00e9s sont accessibles \u00a0\u00e0 2\/3 kms du camping. Des informations plus pr\u00e9cises vous seront donn\u00e9es sur demande.<\/p>\n<p>Merci pour votre compr\u00e9hension<\/p>\n<p>Lionel &amp; Laurence<\/p>\n","protected":false},"excerpt":{"rendered":"<p>Notre camping les Berges du doux situ\u00e9 en Ard\u00e8che du nord s\u2019est engag\u00e9 dans une d\u00e9marche \u00e9coresponsable avec diff\u00e9rents investissements dont certains sont soutenus par l\u2019ADEME dans le cadre de l\u2019action du plan de Relance et de l&rsquo;action \u00ab Tourisme Durable \u00bb. Parmi ces investissements\u00a0 nous citerons : Nouvelle machine \u00e0 laver classement A+ avec [&hellip;]<\/p>\n","protected":false},"author":1,"featured_media":3575,"comment_status":"closed","ping_status":"closed","sticky":false,"template":"","format":"standard","meta":{"spay_email":"","footnotes":""},"categories":[8],"tags":[],"class_list":["post-3439","post","type-post","status-publish","format-standard","has-post-thumbnail","hentry","category-blog"],"yoast_head":"<!-- This site is optimized with the Yoast SEO plugin v27.1.1 - https:\/\/yoast.com\/product\/yoast-seo-wordpress\/ -->\n<title>Vers une d\u00e9marche Eco-Responsable Vers une d\u00e9marche \u00e9coresponsable Camping Les Berges Du Doux 3* avec piscine dans la vall\u00e9e du doux<\/title>\n<meta name=\"description\" content=\"Notre camping les Berges du doux situ\u00e9 en Ard\u00e8che du nord s\u2019est engag\u00e9 dans une d\u00e9marche \u00e9coresponsable avec diff\u00e9rents investissements dont certains sont\" \/>\n<meta name=\"robots\" content=\"index, follow, max-snippet:-1, max-image-preview:large, max-video-preview:-1\" \/>\n<link rel=\"canonical\" href=\"https:\/\/www.camping-lesbergesdudoux.com\/?p=3439\" \/>\n<meta property=\"og:locale\" content=\"fr_FR\" \/>\n<meta property=\"og:type\" content=\"article\" \/>\n<meta property=\"og:title\" content=\"Vers une d\u00e9marche Eco-Responsable Vers une d\u00e9marche \u00e9coresponsable Camping Les Berges Du Doux 3* avec piscine dans la vall\u00e9e du doux\" \/>\n<meta property=\"og:description\" content=\"Notre camping les Berges du doux situ\u00e9 en Ard\u00e8che du nord s\u2019est engag\u00e9 dans une d\u00e9marche \u00e9coresponsable avec diff\u00e9rents investissements dont certains sont\" \/>\n<meta property=\"og:url\" content=\"https:\/\/www.camping-lesbergesdudoux.com\/?p=3439\" \/>\n<meta property=\"og:site_name\" content=\"Camping Les Berges Du Doux 3* avec piscine dans la vall\u00e9e du doux\" \/>\n<meta property=\"article:publisher\" content=\"https:\/\/www.facebook.com\/camping.lesbergesdudoux\/\" \/>\n<meta property=\"article:published_time\" content=\"2023-01-17T16:09:39+00:00\" \/>\n<meta property=\"article:modified_time\" content=\"2023-02-10T11:14:27+00:00\" \/>\n<meta property=\"og:image\" content=\"https:\/\/www.camping-lesbergesdudoux.com\/wp-content\/uploads\/2023\/01\/tourisme-durable.png\" \/>\n\t<meta property=\"og:image:width\" content=\"1079\" \/>\n\t<meta property=\"og:image:height\" content=\"641\" \/>\n\t<meta property=\"og:image:type\" content=\"image\/png\" \/>\n<meta name=\"author\" content=\"Sandra GILLET\" \/>\n<meta name=\"twitter:card\" content=\"summary_large_image\" \/>\n<meta name=\"twitter:label1\" content=\"Written by\" \/>\n\t<meta name=\"twitter:data1\" content=\"Sandra GILLET\" \/>\n\t<meta name=\"twitter:label2\" content=\"Est. reading time\" \/>\n\t<meta name=\"twitter:data2\" content=\"2 minutes\" \/>\n<script type=\"application\/ld+json\" class=\"yoast-schema-graph\">{\"@context\":\"https:\/\/schema.org\",\"@graph\":[{\"@type\":\"Article\",\"@id\":\"https:\/\/www.camping-lesbergesdudoux.com\/?p=3439#article\",\"isPartOf\":{\"@id\":\"https:\/\/www.camping-lesbergesdudoux.com\/?p=3439\"},\"author\":{\"name\":\"Sandra GILLET\",\"@id\":\"https:\/\/www.camping-lesbergesdudoux.com\/#\/schema\/person\/bebe47b917f304c8718f4b6eb15e82ae\"},\"headline\":\"Vers une d\u00e9marche Eco-Responsable\",\"datePublished\":\"2023-01-17T16:09:39+00:00\",\"dateModified\":\"2023-02-10T11:14:27+00:00\",\"mainEntityOfPage\":{\"@id\":\"https:\/\/www.camping-lesbergesdudoux.com\/?p=3439\"},\"wordCount\":335,\"image\":{\"@id\":\"https:\/\/www.camping-lesbergesdudoux.com\/?p=3439#primaryimage\"},\"thumbnailUrl\":\"https:\/\/www.camping-lesbergesdudoux.com\/wp-content\/uploads\/2023\/01\/tourisme-durable.png\",\"articleSection\":[\"Blog\"],\"inLanguage\":\"fr-FR\"},{\"@type\":\"WebPage\",\"@id\":\"https:\/\/www.camping-lesbergesdudoux.com\/?p=3439\",\"url\":\"https:\/\/www.camping-lesbergesdudoux.com\/?p=3439\",\"name\":\"Vers une d\u00e9marche Eco-Responsable Vers une d\u00e9marche \u00e9coresponsable Camping Les Berges Du Doux 3* avec piscine dans la vall\u00e9e du doux\",\"isPartOf\":{\"@id\":\"https:\/\/www.camping-lesbergesdudoux.com\/#website\"},\"primaryImageOfPage\":{\"@id\":\"https:\/\/www.camping-lesbergesdudoux.com\/?p=3439#primaryimage\"},\"image\":{\"@id\":\"https:\/\/www.camping-lesbergesdudoux.com\/?p=3439#primaryimage\"},\"thumbnailUrl\":\"https:\/\/www.camping-lesbergesdudoux.com\/wp-content\/uploads\/2023\/01\/tourisme-durable.png\",\"datePublished\":\"2023-01-17T16:09:39+00:00\",\"dateModified\":\"2023-02-10T11:14:27+00:00\",\"author\":{\"@id\":\"https:\/\/www.camping-lesbergesdudoux.com\/#\/schema\/person\/bebe47b917f304c8718f4b6eb15e82ae\"},\"description\":\"Notre camping les Berges du doux situ\u00e9 en Ard\u00e8che du nord s\u2019est engag\u00e9 dans une d\u00e9marche \u00e9coresponsable avec diff\u00e9rents investissements dont certains sont\",\"breadcrumb\":{\"@id\":\"https:\/\/www.camping-lesbergesdudoux.com\/?p=3439#breadcrumb\"},\"inLanguage\":\"fr-FR\",\"potentialAction\":[{\"@type\":\"ReadAction\",\"target\":[\"https:\/\/www.camping-lesbergesdudoux.com\/?p=3439\"]}]},{\"@type\":\"ImageObject\",\"inLanguage\":\"fr-FR\",\"@id\":\"https:\/\/www.camping-lesbergesdudoux.com\/?p=3439#primaryimage\",\"url\":\"https:\/\/www.camping-lesbergesdudoux.com\/wp-content\/uploads\/2023\/01\/tourisme-durable.png\",\"contentUrl\":\"https:\/\/www.camping-lesbergesdudoux.com\/wp-content\/uploads\/2023\/01\/tourisme-durable.png\",\"width\":1079,\"height\":641,\"caption\":\"Vers une d\u00e9marche \u00e9co-responsable\"},{\"@type\":\"BreadcrumbList\",\"@id\":\"https:\/\/www.camping-lesbergesdudoux.com\/?p=3439#breadcrumb\",\"itemListElement\":[{\"@type\":\"ListItem\",\"position\":1,\"name\":\"Accueil\",\"item\":\"https:\/\/www.camping-lesbergesdudoux.com\/\"},{\"@type\":\"ListItem\",\"position\":2,\"name\":\"Vers une d\u00e9marche Eco-Responsable\"}]},{\"@type\":\"WebSite\",\"@id\":\"https:\/\/www.camping-lesbergesdudoux.com\/#website\",\"url\":\"https:\/\/www.camping-lesbergesdudoux.com\/\",\"name\":\"Camping Les Berges Du Doux 3* avec piscine dans la vall\u00e9e du doux\",\"description\":\"Camping 3* avec piscine chauff\u00e9e en Ard\u00e8che verte, nord Ard\u00e8che, le long de la rivi\u00e8re le Doux\",\"potentialAction\":[{\"@type\":\"SearchAction\",\"target\":{\"@type\":\"EntryPoint\",\"urlTemplate\":\"https:\/\/www.camping-lesbergesdudoux.com\/?s={search_term_string}\"},\"query-input\":{\"@type\":\"PropertyValueSpecification\",\"valueRequired\":true,\"valueName\":\"search_term_string\"}}],\"inLanguage\":\"fr-FR\"},{\"@type\":\"Person\",\"@id\":\"https:\/\/www.camping-lesbergesdudoux.com\/#\/schema\/person\/bebe47b917f304c8718f4b6eb15e82ae\",\"name\":\"Sandra GILLET\",\"image\":{\"@type\":\"ImageObject\",\"inLanguage\":\"fr-FR\",\"@id\":\"https:\/\/www.camping-lesbergesdudoux.com\/#\/schema\/person\/image\/\",\"url\":\"https:\/\/www.camping-lesbergesdudoux.com\/wp-content\/wphb-cache\/gravatar\/7cf\/7cff1f9e2d330e504e06900d24295c5cx96.jpg\",\"contentUrl\":\"https:\/\/www.camping-lesbergesdudoux.com\/wp-content\/wphb-cache\/gravatar\/7cf\/7cff1f9e2d330e504e06900d24295c5cx96.jpg\",\"caption\":\"Sandra GILLET\"}}]}<\/script>\n<!-- \/ Yoast SEO plugin. -->","yoast_head_json":{"title":"Vers une d\u00e9marche Eco-Responsable Vers une d\u00e9marche \u00e9coresponsable Camping Les Berges Du Doux 3* avec piscine dans la vall\u00e9e du doux","description":"Notre camping les Berges du doux situ\u00e9 en Ard\u00e8che du nord s\u2019est engag\u00e9 dans une d\u00e9marche \u00e9coresponsable avec diff\u00e9rents investissements dont certains sont","robots":{"index":"index","follow":"follow","max-snippet":"max-snippet:-1","max-image-preview":"max-image-preview:large","max-video-preview":"max-video-preview:-1"},"canonical":"https:\/\/www.camping-lesbergesdudoux.com\/?p=3439","og_locale":"fr_FR","og_type":"article","og_title":"Vers une d\u00e9marche Eco-Responsable Vers une d\u00e9marche \u00e9coresponsable Camping Les Berges Du Doux 3* avec piscine dans la vall\u00e9e du doux","og_description":"Notre camping les Berges du doux situ\u00e9 en Ard\u00e8che du nord s\u2019est engag\u00e9 dans une d\u00e9marche \u00e9coresponsable avec diff\u00e9rents investissements dont certains sont","og_url":"https:\/\/www.camping-lesbergesdudoux.com\/?p=3439","og_site_name":"Camping Les Berges Du Doux 3* avec piscine dans la vall\u00e9e du doux","article_publisher":"https:\/\/www.facebook.com\/camping.lesbergesdudoux\/","article_published_time":"2023-01-17T16:09:39+00:00","article_modified_time":"2023-02-10T11:14:27+00:00","og_image":[{"width":1079,"height":641,"url":"https:\/\/www.camping-lesbergesdudoux.com\/wp-content\/uploads\/2023\/01\/tourisme-durable.png","type":"image\/png"}],"author":"Sandra GILLET","twitter_card":"summary_large_image","twitter_misc":{"Written by":"Sandra GILLET","Est. reading time":"2 minutes"},"schema":{"@context":"https:\/\/schema.org","@graph":[{"@type":"Article","@id":"https:\/\/www.camping-lesbergesdudoux.com\/?p=3439#article","isPartOf":{"@id":"https:\/\/www.camping-lesbergesdudoux.com\/?p=3439"},"author":{"name":"Sandra GILLET","@id":"https:\/\/www.camping-lesbergesdudoux.com\/#\/schema\/person\/bebe47b917f304c8718f4b6eb15e82ae"},"headline":"Vers une d\u00e9marche Eco-Responsable","datePublished":"2023-01-17T16:09:39+00:00","dateModified":"2023-02-10T11:14:27+00:00","mainEntityOfPage":{"@id":"https:\/\/www.camping-lesbergesdudoux.com\/?p=3439"},"wordCount":335,"image":{"@id":"https:\/\/www.camping-lesbergesdudoux.com\/?p=3439#primaryimage"},"thumbnailUrl":"https:\/\/www.camping-lesbergesdudoux.com\/wp-content\/uploads\/2023\/01\/tourisme-durable.png","articleSection":["Blog"],"inLanguage":"fr-FR"},{"@type":"WebPage","@id":"https:\/\/www.camping-lesbergesdudoux.com\/?p=3439","url":"https:\/\/www.camping-lesbergesdudoux.com\/?p=3439","name":"Vers une d\u00e9marche Eco-Responsable Vers une d\u00e9marche \u00e9coresponsable Camping Les Berges Du Doux 3* avec piscine dans la vall\u00e9e du doux","isPartOf":{"@id":"https:\/\/www.camping-lesbergesdudoux.com\/#website"},"primaryImageOfPage":{"@id":"https:\/\/www.camping-lesbergesdudoux.com\/?p=3439#primaryimage"},"image":{"@id":"https:\/\/www.camping-lesbergesdudoux.com\/?p=3439#primaryimage"},"thumbnailUrl":"https:\/\/www.camping-lesbergesdudoux.com\/wp-content\/uploads\/2023\/01\/tourisme-durable.png","datePublished":"2023-01-17T16:09:39+00:00","dateModified":"2023-02-10T11:14:27+00:00","author":{"@id":"https:\/\/www.camping-lesbergesdudoux.com\/#\/schema\/person\/bebe47b917f304c8718f4b6eb15e82ae"},"description":"Notre camping les Berges du doux situ\u00e9 en Ard\u00e8che du nord s\u2019est engag\u00e9 dans une d\u00e9marche \u00e9coresponsable avec diff\u00e9rents investissements dont certains sont","breadcrumb":{"@id":"https:\/\/www.camping-lesbergesdudoux.com\/?p=3439#breadcrumb"},"inLanguage":"fr-FR","potentialAction":[{"@type":"ReadAction","target":["https:\/\/www.camping-lesbergesdudoux.com\/?p=3439"]}]},{"@type":"ImageObject","inLanguage":"fr-FR","@id":"https:\/\/www.camping-lesbergesdudoux.com\/?p=3439#primaryimage","url":"https:\/\/www.camping-lesbergesdudoux.com\/wp-content\/uploads\/2023\/01\/tourisme-durable.png","contentUrl":"https:\/\/www.camping-lesbergesdudoux.com\/wp-content\/uploads\/2023\/01\/tourisme-durable.png","width":1079,"height":641,"caption":"Vers une d\u00e9marche \u00e9co-responsable"},{"@type":"BreadcrumbList","@id":"https:\/\/www.camping-lesbergesdudoux.com\/?p=3439#breadcrumb","itemListElement":[{"@type":"ListItem","position":1,"name":"Accueil","item":"https:\/\/www.camping-lesbergesdudoux.com\/"},{"@type":"ListItem","position":2,"name":"Vers une d\u00e9marche Eco-Responsable"}]},{"@type":"WebSite","@id":"https:\/\/www.camping-lesbergesdudoux.com\/#website","url":"https:\/\/www.camping-lesbergesdudoux.com\/","name":"Camping Les Berges Du Doux 3* avec piscine dans la vall\u00e9e du doux","description":"Camping 3* avec piscine chauff\u00e9e en Ard\u00e8che verte, nord Ard\u00e8che, le long de la rivi\u00e8re le Doux","potentialAction":[{"@type":"SearchAction","target":{"@type":"EntryPoint","urlTemplate":"https:\/\/www.camping-lesbergesdudoux.com\/?s={search_term_string}"},"query-input":{"@type":"PropertyValueSpecification","valueRequired":true,"valueName":"search_term_string"}}],"inLanguage":"fr-FR"},{"@type":"Person","@id":"https:\/\/www.camping-lesbergesdudoux.com\/#\/schema\/person\/bebe47b917f304c8718f4b6eb15e82ae","name":"Sandra GILLET","image":{"@type":"ImageObject","inLanguage":"fr-FR","@id":"https:\/\/www.camping-lesbergesdudoux.com\/#\/schema\/person\/image\/","url":"https:\/\/www.camping-lesbergesdudoux.com\/wp-content\/wphb-cache\/gravatar\/7cf\/7cff1f9e2d330e504e06900d24295c5cx96.jpg","contentUrl":"https:\/\/www.camping-lesbergesdudoux.com\/wp-content\/wphb-cache\/gravatar\/7cf\/7cff1f9e2d330e504e06900d24295c5cx96.jpg","caption":"Sandra GILLET"}}]}},"jetpack_featured_media_url":"https:\/\/www.camping-lesbergesdudoux.com\/wp-content\/uploads\/2023\/01\/tourisme-durable.png","_links":{"self":[{"href":"https:\/\/www.camping-lesbergesdudoux.com\/index.php?rest_route=\/wp\/v2\/posts\/3439","targetHints":{"allow":["GET"]}}],"collection":[{"href":"https:\/\/www.camping-lesbergesdudoux.com\/index.php?rest_route=\/wp\/v2\/posts"}],"about":[{"href":"https:\/\/www.camping-lesbergesdudoux.com\/index.php?rest_route=\/wp\/v2\/types\/post"}],"author":[{"embeddable":true,"href":"https:\/\/www.camping-lesbergesdudoux.com\/index.php?rest_route=\/wp\/v2\/users\/1"}],"replies":[{"embeddable":true,"href":"https:\/\/www.camping-lesbergesdudoux.com\/index.php?rest_route=%2Fwp%2Fv2%2Fcomments&post=3439"}],"version-history":[{"count":0,"href":"https:\/\/www.camping-lesbergesdudoux.com\/index.php?rest_route=\/wp\/v2\/posts\/3439\/revisions"}],"wp:featuredmedia":[{"embeddable":true,"href":"https:\/\/www.camping-lesbergesdudoux.com\/index.php?rest_route=\/wp\/v2\/media\/3575"}],"wp:attachment":[{"href":"https:\/\/www.camping-lesbergesdudoux.com\/index.php?rest_route=%2Fwp%2Fv2%2Fmedia&parent=3439"}],"wp:term":[{"taxonomy":"category","embeddable":true,"href":"https:\/\/www.camping-lesbergesdudoux.com\/index.php?rest_route=%2Fwp%2Fv2%2Fcategories&post=3439"},{"taxonomy":"post_tag","embeddable":true,"href":"https:\/\/www.camping-lesbergesdudoux.com\/index.php?rest_route=%2Fwp%2Fv2%2Ftags&post=3439"}],"curies":[{"name":"wp","href":"https:\/\/api.w.org\/{rel}","templated":true}]}}