{"id":3437,"date":"2025-02-18T10:09:58","date_gmt":"2025-02-18T09:09:58","guid":{"rendered":"https:\/\/www.camping-lesbergesdudoux.com\/?p=3437"},"modified":"2025-02-18T11:04:13","modified_gmt":"2025-02-18T10:04:13","slug":"groupe-et-pourquoi-pas-un-camping-juste-pour-vous","status":"publish","type":"post","link":"https:\/\/www.camping-lesbergesdudoux.com\/?p=3437","title":{"rendered":"Groupe: et pourquoi pas un Camping  juste pour vous ?"},"content":{"rendered":"<div class=\"wpb-content-wrapper\">[vc_row][vc_column][vc_column_text]\n<p style=\"text-align: left;\">En 2024, sur certains weekends de basse saison , nous vous proposons de <strong>privatiser le camping<\/strong> <strong>pour des groupes<\/strong> \u00e0 l\u2019occasion par exemple de f\u00eates d\u2019anniversaire, cousinades et pourquoi pas un camping rien que pour vous&#8230;..<\/p>\n<p style=\"text-align: left;\">Dans un cadre naturel en pleine nature en Ard\u00e8che verte, vous pourrez profiter pleinement de votre <strong>weekend de groupe; <\/strong>ceci sans penser \u00e0 d\u00e9ranger les voisins.<\/p>\n<p style=\"text-align: left;\">Des jeux enfants sont \u00e0 disposition (babyfoot, trampoline, jeux de soci\u00e9t\u00e9s..) ainsi que des activit\u00e9s \u00e0 proximit\u00e9 (v\u00e9lorail de l\u2019Ard\u00e8che, train de l\u2019Ard\u00e8che, randonn\u00e9es p\u00e9destres, march\u00e9s de producteurs locaux\u2026\u00a0 <a href=\"https:\/\/www.camping-lesbergesdudoux.com\/works\/ardeche-verte\/\">https:\/\/www.camping-lesbergesdudoux.com\/works\/ardeche-verte\/<\/a>).<\/p>\n<p style=\"text-align: left;\">Possibilit\u00e9s de logements jusqu\u2019\u00e0 55 personnes environ (Chalets 4 ou 5 pers, cottage 2\/4 pers, \u00a0logements insolites de type Pod 2\/3 pers, 1 g\u00eete 6\/8 pers) + tentes am\u00e9nag\u00e9es 4 pers + des emplacements nus pour Tente, Van ou \u00a0Camping-car.<\/p>\n<p style=\"text-align: left;\">Une salle de 50m\u00b2 mise \u00e0 votre disposition + terrasse et tonnelle ext\u00e9rieure<\/p>\n<ul style=\"text-align: left;\">\n<li>Possibilit\u00e9 de restauration sur place (buffet\u00a0, brunch \u2026.) en fonction de vos envies et de votre budget<\/li>\n<li>Possibilit\u00e9 de mat\u00e9riel de sono<\/li>\n<\/ul>\n<p style=\"text-align: left;\">Pour toute demande d\u2019informations et devis, contactez-nous\u00a0:<\/p>\n<ul>\n<li style=\"text-align: left;\">par mail\u00a0: <a href=\"mailto:accueil@camping-lesbergesdudoux.com\">accueil@camping-lesbergesdudoux.com<\/a><\/li>\n<li style=\"text-align: left;\">par t\u00e9l\u00e9phone 04 75 06 79 10<\/li>\n<\/ul>\n[\/vc_column_text][\/vc_column][\/vc_row]\n<\/div>","protected":false},"excerpt":{"rendered":"<p>[vc_row][vc_column][vc_column_text] En 2024, sur certains weekends de basse saison , nous vous proposons de privatiser le camping pour des groupes \u00e0 l\u2019occasion par exemple de f\u00eates d\u2019anniversaire, cousinades et pourquoi pas un camping rien que pour vous&#8230;.. Dans un cadre naturel en pleine nature en Ard\u00e8che verte, vous pourrez profiter pleinement de votre weekend de [&hellip;]<\/p>\n","protected":false},"author":1,"featured_media":3445,"comment_status":"closed","ping_status":"closed","sticky":false,"template":"","format":"standard","meta":{"spay_email":"","footnotes":""},"categories":[8],"tags":[],"class_list":["post-3437","post","type-post","status-publish","format-standard","has-post-thumbnail","hentry","category-blog"],"yoast_head":"<!-- This site is optimized with the Yoast SEO plugin v27.1.1 - https:\/\/yoast.com\/product\/yoast-seo-wordpress\/ -->\n<title>Groupe: et pourquoi pas un Camping juste pour vous ?<\/title>\n<meta name=\"description\" content=\"En 2024, sur certains weekends de basse saison , nous vous proposons de privatiser le camping pour des groupes \u00e0 l\u2019occasion par exemple de f\u00eates S\u00e9jour de groupes au Camping les Berges du doux\" \/>\n<meta name=\"robots\" content=\"index, follow, max-snippet:-1, max-image-preview:large, max-video-preview:-1\" \/>\n<link rel=\"canonical\" href=\"https:\/\/www.camping-lesbergesdudoux.com\/?p=3437\" \/>\n<meta property=\"og:locale\" content=\"fr_FR\" \/>\n<meta property=\"og:type\" content=\"article\" \/>\n<meta property=\"og:title\" content=\"Groupe: et pourquoi pas un Camping juste pour vous ?\" \/>\n<meta property=\"og:description\" content=\"En 2024, sur certains weekends de basse saison , nous vous proposons de privatiser le camping pour des groupes \u00e0 l\u2019occasion par exemple de f\u00eates S\u00e9jour de groupes au Camping les Berges du doux\" \/>\n<meta property=\"og:url\" content=\"https:\/\/www.camping-lesbergesdudoux.com\/?p=3437\" \/>\n<meta property=\"og:site_name\" content=\"Camping Les Berges Du Doux 3* avec piscine dans la vall\u00e9e du doux\" \/>\n<meta property=\"article:publisher\" content=\"https:\/\/www.facebook.com\/camping.lesbergesdudoux\/\" \/>\n<meta property=\"article:published_time\" content=\"2025-02-18T09:09:58+00:00\" \/>\n<meta property=\"article:modified_time\" content=\"2025-02-18T10:04:13+00:00\" \/>\n<meta property=\"og:image\" content=\"https:\/\/www.camping-lesbergesdudoux.com\/wp-content\/uploads\/2022\/10\/Image-groupe.jpg\" \/>\n\t<meta property=\"og:image:width\" content=\"726\" \/>\n\t<meta property=\"og:image:height\" content=\"435\" \/>\n\t<meta property=\"og:image:type\" content=\"image\/jpeg\" \/>\n<meta name=\"author\" content=\"Sandra GILLET\" \/>\n<meta name=\"twitter:card\" content=\"summary_large_image\" \/>\n<meta name=\"twitter:label1\" content=\"Written by\" \/>\n\t<meta name=\"twitter:data1\" content=\"Sandra GILLET\" \/>\n\t<meta name=\"twitter:label2\" content=\"Est. reading time\" \/>\n\t<meta name=\"twitter:data2\" content=\"1 minute\" \/>\n<script type=\"application\/ld+json\" class=\"yoast-schema-graph\">{\"@context\":\"https:\/\/schema.org\",\"@graph\":[{\"@type\":\"Article\",\"@id\":\"https:\/\/www.camping-lesbergesdudoux.com\/?p=3437#article\",\"isPartOf\":{\"@id\":\"https:\/\/www.camping-lesbergesdudoux.com\/?p=3437\"},\"author\":{\"name\":\"Sandra GILLET\",\"@id\":\"https:\/\/www.camping-lesbergesdudoux.com\/#\/schema\/person\/bebe47b917f304c8718f4b6eb15e82ae\"},\"headline\":\"Groupe: et pourquoi pas un Camping juste pour vous ?\",\"datePublished\":\"2025-02-18T09:09:58+00:00\",\"dateModified\":\"2025-02-18T10:04:13+00:00\",\"mainEntityOfPage\":{\"@id\":\"https:\/\/www.camping-lesbergesdudoux.com\/?p=3437\"},\"wordCount\":215,\"image\":{\"@id\":\"https:\/\/www.camping-lesbergesdudoux.com\/?p=3437#primaryimage\"},\"thumbnailUrl\":\"https:\/\/www.camping-lesbergesdudoux.com\/wp-content\/uploads\/2022\/10\/Image-groupe.jpg\",\"articleSection\":[\"Blog\"],\"inLanguage\":\"fr-FR\"},{\"@type\":\"WebPage\",\"@id\":\"https:\/\/www.camping-lesbergesdudoux.com\/?p=3437\",\"url\":\"https:\/\/www.camping-lesbergesdudoux.com\/?p=3437\",\"name\":\"Groupe: et pourquoi pas un Camping juste pour vous ?\",\"isPartOf\":{\"@id\":\"https:\/\/www.camping-lesbergesdudoux.com\/#website\"},\"primaryImageOfPage\":{\"@id\":\"https:\/\/www.camping-lesbergesdudoux.com\/?p=3437#primaryimage\"},\"image\":{\"@id\":\"https:\/\/www.camping-lesbergesdudoux.com\/?p=3437#primaryimage\"},\"thumbnailUrl\":\"https:\/\/www.camping-lesbergesdudoux.com\/wp-content\/uploads\/2022\/10\/Image-groupe.jpg\",\"datePublished\":\"2025-02-18T09:09:58+00:00\",\"dateModified\":\"2025-02-18T10:04:13+00:00\",\"author\":{\"@id\":\"https:\/\/www.camping-lesbergesdudoux.com\/#\/schema\/person\/bebe47b917f304c8718f4b6eb15e82ae\"},\"description\":\"En 2024, sur certains weekends de basse saison , nous vous proposons de privatiser le camping pour des groupes \u00e0 l\u2019occasion par exemple de f\u00eates S\u00e9jour de groupes au Camping les Berges du doux\",\"breadcrumb\":{\"@id\":\"https:\/\/www.camping-lesbergesdudoux.com\/?p=3437#breadcrumb\"},\"inLanguage\":\"fr-FR\",\"potentialAction\":[{\"@type\":\"ReadAction\",\"target\":[\"https:\/\/www.camping-lesbergesdudoux.com\/?p=3437\"]}]},{\"@type\":\"ImageObject\",\"inLanguage\":\"fr-FR\",\"@id\":\"https:\/\/www.camping-lesbergesdudoux.com\/?p=3437#primaryimage\",\"url\":\"https:\/\/www.camping-lesbergesdudoux.com\/wp-content\/uploads\/2022\/10\/Image-groupe.jpg\",\"contentUrl\":\"https:\/\/www.camping-lesbergesdudoux.com\/wp-content\/uploads\/2022\/10\/Image-groupe.jpg\",\"width\":726,\"height\":435,\"caption\":\"f\u00eate groupe\"},{\"@type\":\"BreadcrumbList\",\"@id\":\"https:\/\/www.camping-lesbergesdudoux.com\/?p=3437#breadcrumb\",\"itemListElement\":[{\"@type\":\"ListItem\",\"position\":1,\"name\":\"Accueil\",\"item\":\"https:\/\/www.camping-lesbergesdudoux.com\/\"},{\"@type\":\"ListItem\",\"position\":2,\"name\":\"Groupe: et pourquoi pas un Camping juste pour vous ?\"}]},{\"@type\":\"WebSite\",\"@id\":\"https:\/\/www.camping-lesbergesdudoux.com\/#website\",\"url\":\"https:\/\/www.camping-lesbergesdudoux.com\/\",\"name\":\"Camping Les Berges Du Doux 3* avec piscine dans la vall\u00e9e du doux\",\"description\":\"Camping 3* avec piscine chauff\u00e9e en Ard\u00e8che verte, nord Ard\u00e8che, le long de la rivi\u00e8re le Doux\",\"potentialAction\":[{\"@type\":\"SearchAction\",\"target\":{\"@type\":\"EntryPoint\",\"urlTemplate\":\"https:\/\/www.camping-lesbergesdudoux.com\/?s={search_term_string}\"},\"query-input\":{\"@type\":\"PropertyValueSpecification\",\"valueRequired\":true,\"valueName\":\"search_term_string\"}}],\"inLanguage\":\"fr-FR\"},{\"@type\":\"Person\",\"@id\":\"https:\/\/www.camping-lesbergesdudoux.com\/#\/schema\/person\/bebe47b917f304c8718f4b6eb15e82ae\",\"name\":\"Sandra GILLET\",\"image\":{\"@type\":\"ImageObject\",\"inLanguage\":\"fr-FR\",\"@id\":\"https:\/\/www.camping-lesbergesdudoux.com\/#\/schema\/person\/image\/\",\"url\":\"https:\/\/www.camping-lesbergesdudoux.com\/wp-content\/wphb-cache\/gravatar\/7cf\/7cff1f9e2d330e504e06900d24295c5cx96.jpg\",\"contentUrl\":\"https:\/\/www.camping-lesbergesdudoux.com\/wp-content\/wphb-cache\/gravatar\/7cf\/7cff1f9e2d330e504e06900d24295c5cx96.jpg\",\"caption\":\"Sandra GILLET\"}}]}<\/script>\n<!-- \/ Yoast SEO plugin. -->","yoast_head_json":{"title":"Groupe: et pourquoi pas un Camping juste pour vous ?","description":"En 2024, sur certains weekends de basse saison , nous vous proposons de privatiser le camping pour des groupes \u00e0 l\u2019occasion par exemple de f\u00eates S\u00e9jour de groupes au Camping les Berges du doux","robots":{"index":"index","follow":"follow","max-snippet":"max-snippet:-1","max-image-preview":"max-image-preview:large","max-video-preview":"max-video-preview:-1"},"canonical":"https:\/\/www.camping-lesbergesdudoux.com\/?p=3437","og_locale":"fr_FR","og_type":"article","og_title":"Groupe: et pourquoi pas un Camping juste pour vous ?","og_description":"En 2024, sur certains weekends de basse saison , nous vous proposons de privatiser le camping pour des groupes \u00e0 l\u2019occasion par exemple de f\u00eates S\u00e9jour de groupes au Camping les Berges du doux","og_url":"https:\/\/www.camping-lesbergesdudoux.com\/?p=3437","og_site_name":"Camping Les Berges Du Doux 3* avec piscine dans la vall\u00e9e du doux","article_publisher":"https:\/\/www.facebook.com\/camping.lesbergesdudoux\/","article_published_time":"2025-02-18T09:09:58+00:00","article_modified_time":"2025-02-18T10:04:13+00:00","og_image":[{"width":726,"height":435,"url":"https:\/\/www.camping-lesbergesdudoux.com\/wp-content\/uploads\/2022\/10\/Image-groupe.jpg","type":"image\/jpeg"}],"author":"Sandra GILLET","twitter_card":"summary_large_image","twitter_misc":{"Written by":"Sandra GILLET","Est. reading time":"1 minute"},"schema":{"@context":"https:\/\/schema.org","@graph":[{"@type":"Article","@id":"https:\/\/www.camping-lesbergesdudoux.com\/?p=3437#article","isPartOf":{"@id":"https:\/\/www.camping-lesbergesdudoux.com\/?p=3437"},"author":{"name":"Sandra GILLET","@id":"https:\/\/www.camping-lesbergesdudoux.com\/#\/schema\/person\/bebe47b917f304c8718f4b6eb15e82ae"},"headline":"Groupe: et pourquoi pas un Camping juste pour vous ?","datePublished":"2025-02-18T09:09:58+00:00","dateModified":"2025-02-18T10:04:13+00:00","mainEntityOfPage":{"@id":"https:\/\/www.camping-lesbergesdudoux.com\/?p=3437"},"wordCount":215,"image":{"@id":"https:\/\/www.camping-lesbergesdudoux.com\/?p=3437#primaryimage"},"thumbnailUrl":"https:\/\/www.camping-lesbergesdudoux.com\/wp-content\/uploads\/2022\/10\/Image-groupe.jpg","articleSection":["Blog"],"inLanguage":"fr-FR"},{"@type":"WebPage","@id":"https:\/\/www.camping-lesbergesdudoux.com\/?p=3437","url":"https:\/\/www.camping-lesbergesdudoux.com\/?p=3437","name":"Groupe: et pourquoi pas un Camping juste pour vous ?","isPartOf":{"@id":"https:\/\/www.camping-lesbergesdudoux.com\/#website"},"primaryImageOfPage":{"@id":"https:\/\/www.camping-lesbergesdudoux.com\/?p=3437#primaryimage"},"image":{"@id":"https:\/\/www.camping-lesbergesdudoux.com\/?p=3437#primaryimage"},"thumbnailUrl":"https:\/\/www.camping-lesbergesdudoux.com\/wp-content\/uploads\/2022\/10\/Image-groupe.jpg","datePublished":"2025-02-18T09:09:58+00:00","dateModified":"2025-02-18T10:04:13+00:00","author":{"@id":"https:\/\/www.camping-lesbergesdudoux.com\/#\/schema\/person\/bebe47b917f304c8718f4b6eb15e82ae"},"description":"En 2024, sur certains weekends de basse saison , nous vous proposons de privatiser le camping pour des groupes \u00e0 l\u2019occasion par exemple de f\u00eates S\u00e9jour de groupes au Camping les Berges du doux","breadcrumb":{"@id":"https:\/\/www.camping-lesbergesdudoux.com\/?p=3437#breadcrumb"},"inLanguage":"fr-FR","potentialAction":[{"@type":"ReadAction","target":["https:\/\/www.camping-lesbergesdudoux.com\/?p=3437"]}]},{"@type":"ImageObject","inLanguage":"fr-FR","@id":"https:\/\/www.camping-lesbergesdudoux.com\/?p=3437#primaryimage","url":"https:\/\/www.camping-lesbergesdudoux.com\/wp-content\/uploads\/2022\/10\/Image-groupe.jpg","contentUrl":"https:\/\/www.camping-lesbergesdudoux.com\/wp-content\/uploads\/2022\/10\/Image-groupe.jpg","width":726,"height":435,"caption":"f\u00eate groupe"},{"@type":"BreadcrumbList","@id":"https:\/\/www.camping-lesbergesdudoux.com\/?p=3437#breadcrumb","itemListElement":[{"@type":"ListItem","position":1,"name":"Accueil","item":"https:\/\/www.camping-lesbergesdudoux.com\/"},{"@type":"ListItem","position":2,"name":"Groupe: et pourquoi pas un Camping juste pour vous ?"}]},{"@type":"WebSite","@id":"https:\/\/www.camping-lesbergesdudoux.com\/#website","url":"https:\/\/www.camping-lesbergesdudoux.com\/","name":"Camping Les Berges Du Doux 3* avec piscine dans la vall\u00e9e du doux","description":"Camping 3* avec piscine chauff\u00e9e en Ard\u00e8che verte, nord Ard\u00e8che, le long de la rivi\u00e8re le Doux","potentialAction":[{"@type":"SearchAction","target":{"@type":"EntryPoint","urlTemplate":"https:\/\/www.camping-lesbergesdudoux.com\/?s={search_term_string}"},"query-input":{"@type":"PropertyValueSpecification","valueRequired":true,"valueName":"search_term_string"}}],"inLanguage":"fr-FR"},{"@type":"Person","@id":"https:\/\/www.camping-lesbergesdudoux.com\/#\/schema\/person\/bebe47b917f304c8718f4b6eb15e82ae","name":"Sandra GILLET","image":{"@type":"ImageObject","inLanguage":"fr-FR","@id":"https:\/\/www.camping-lesbergesdudoux.com\/#\/schema\/person\/image\/","url":"https:\/\/www.camping-lesbergesdudoux.com\/wp-content\/wphb-cache\/gravatar\/7cf\/7cff1f9e2d330e504e06900d24295c5cx96.jpg","contentUrl":"https:\/\/www.camping-lesbergesdudoux.com\/wp-content\/wphb-cache\/gravatar\/7cf\/7cff1f9e2d330e504e06900d24295c5cx96.jpg","caption":"Sandra GILLET"}}]}},"jetpack_featured_media_url":"https:\/\/www.camping-lesbergesdudoux.com\/wp-content\/uploads\/2022\/10\/Image-groupe.jpg","_links":{"self":[{"href":"https:\/\/www.camping-lesbergesdudoux.com\/index.php?rest_route=\/wp\/v2\/posts\/3437","targetHints":{"allow":["GET"]}}],"collection":[{"href":"https:\/\/www.camping-lesbergesdudoux.com\/index.php?rest_route=\/wp\/v2\/posts"}],"about":[{"href":"https:\/\/www.camping-lesbergesdudoux.com\/index.php?rest_route=\/wp\/v2\/types\/post"}],"author":[{"embeddable":true,"href":"https:\/\/www.camping-lesbergesdudoux.com\/index.php?rest_route=\/wp\/v2\/users\/1"}],"replies":[{"embeddable":true,"href":"https:\/\/www.camping-lesbergesdudoux.com\/index.php?rest_route=%2Fwp%2Fv2%2Fcomments&post=3437"}],"version-history":[{"count":0,"href":"https:\/\/www.camping-lesbergesdudoux.com\/index.php?rest_route=\/wp\/v2\/posts\/3437\/revisions"}],"wp:featuredmedia":[{"embeddable":true,"href":"https:\/\/www.camping-lesbergesdudoux.com\/index.php?rest_route=\/wp\/v2\/media\/3445"}],"wp:attachment":[{"href":"https:\/\/www.camping-lesbergesdudoux.com\/index.php?rest_route=%2Fwp%2Fv2%2Fmedia&parent=3437"}],"wp:term":[{"taxonomy":"category","embeddable":true,"href":"https:\/\/www.camping-lesbergesdudoux.com\/index.php?rest_route=%2Fwp%2Fv2%2Fcategories&post=3437"},{"taxonomy":"post_tag","embeddable":true,"href":"https:\/\/www.camping-lesbergesdudoux.com\/index.php?rest_route=%2Fwp%2Fv2%2Ftags&post=3437"}],"curies":[{"name":"wp","href":"https:\/\/api.w.org\/{rel}","templated":true}]}}